{"id":143631,"date":"2014-01-16T10:00:13","date_gmt":"2014-01-16T09:00:13","guid":{"rendered":"https:\/\/turismovasco.com\/valle-salado-de-anana-3-reasons-to-visit-it\/"},"modified":"2025-03-17T10:32:28","modified_gmt":"2025-03-17T09:32:28","slug":"valle-salado-de-anana-3-reasons-to-visit-it","status":"publish","type":"post","link":"https:\/\/turismovasco.com\/en\/araba\/what-to-see-in-araba\/valle-salado-de-anana-3-reasons-to-visit-it\/","title":{"rendered":"Valle Salado de A\u00f1ana, 3 reasons to visit it"},"content":{"rendered":"<div id=\"ez-toc-container\" class=\"ez-toc-v2_0_82_2 counter-hierarchy ez-toc-counter ez-toc-grey ez-toc-container-direction\">\n<p class=\"ez-toc-title\" style=\"cursor:inherit\">Table of Contents<\/p>\n<label for=\"ez-toc-cssicon-toggle-item-69f57915bd8f2\" class=\"ez-toc-cssicon-toggle-label\"><span class=\"\"><span class=\"eztoc-hide\" style=\"display:none;\">Toggle<\/span><span class=\"ez-toc-icon-toggle-span\"><svg style=\"fill: #999;color:#999\" xmlns=\"http:\/\/www.w3.org\/2000\/svg\" class=\"list-377408\" width=\"20px\" height=\"20px\" viewBox=\"0 0 24 24\" fill=\"none\"><path d=\"M6 6H4v2h2V6zm14 0H8v2h12V6zM4 11h2v2H4v-2zm16 0H8v2h12v-2zM4 16h2v2H4v-2zm16 0H8v2h12v-2z\" fill=\"currentColor\"><\/path><\/svg><svg style=\"fill: #999;color:#999\" class=\"arrow-unsorted-368013\" xmlns=\"http:\/\/www.w3.org\/2000\/svg\" width=\"10px\" height=\"10px\" viewBox=\"0 0 24 24\" version=\"1.2\" baseProfile=\"tiny\"><path d=\"M18.2 9.3l-6.2-6.3-6.2 6.3c-.2.2-.3.4-.3.7s.1.5.3.7c.2.2.4.3.7.3h11c.3 0 .5-.1.7-.3.2-.2.3-.5.3-.7s-.1-.5-.3-.7zM5.8 14.7l6.2 6.3 6.2-6.3c.2-.2.3-.5.3-.7s-.1-.5-.3-.7c-.2-.2-.4-.3-.7-.3h-11c-.3 0-.5.1-.7.3-.2.2-.3.5-.3.7s.1.5.3.7z\"\/><\/svg><\/span><\/span><\/label><input type=\"checkbox\"  id=\"ez-toc-cssicon-toggle-item-69f57915bd8f2\"  aria-label=\"Toggle\" \/><nav><ul class='ez-toc-list ez-toc-list-level-1 ' ><li class='ez-toc-page-1 ez-toc-heading-level-2'><a class=\"ez-toc-link ez-toc-heading-1\" href=\"https:\/\/turismovasco.com\/en\/araba\/what-to-see-in-araba\/valle-salado-de-anana-3-reasons-to-visit-it\/#Salt_Valley_of_Anana_a_wonder_of_nature\" >Salt Valley of A\u00f1ana, a wonder of nature.<\/a><\/li><li class='ez-toc-page-1 ez-toc-heading-level-2'><a class=\"ez-toc-link ez-toc-heading-2\" href=\"https:\/\/turismovasco.com\/en\/araba\/what-to-see-in-araba\/valle-salado-de-anana-3-reasons-to-visit-it\/#3_reasons_to_visit_the_Salt_Valley_of_Anana\" >3 reasons to visit the Salt Valley of A\u00f1ana<\/a><\/li><li class='ez-toc-page-1 ez-toc-heading-level-2'><a class=\"ez-toc-link ez-toc-heading-3\" href=\"https:\/\/turismovasco.com\/en\/araba\/what-to-see-in-araba\/valle-salado-de-anana-3-reasons-to-visit-it\/#Our_opinion_about_the_Salt_Valley_of_Anana\" >Our opinion about the Salt Valley of A\u00f1ana<\/a><\/li><\/ul><\/nav><\/div>\n<h2><span class=\"ez-toc-section\" id=\"Salt_Valley_of_Anana_a_wonder_of_nature\"><\/span>Salt Valley of A\u00f1ana, a wonder of nature.<span class=\"ez-toc-section-end\"><\/span><\/h2>\n<p>&nbsp;<\/p>\n<p>Tourism always goes hand in hand with history, since the history of a place is what gives it life and interest. In this case, we have before us one of the most unique sites in the Basque Country, either because of the landscape, architecture and geology of the area or because of its 6,500 years of history. The salt valley is located in the municipality of Salinas de A\u00f1ana in Alava, Basque Country. The first thing we are going to do is to leave you an incredible video of the salt valley of Salinas de A\u00f1ana:   <\/p>\n<p>&nbsp;<\/p>\n\n<div class=\"clear\"><\/div><div style=\"margin-top:10px; margin-bottom:10px;\" class=\"divider divider-normal\"><\/div>\n<p>We are sure that after the video you have no doubt that this is a place with history, tradition and charm, so everything, we will cite some reasons why we believe this visit is a must.<\/p>\n<p>&nbsp;<\/p>\n<div class=\"box shadow  \"><div class=\"box-inner-block\"><i class=\"fa tie-shortcode-boxicon\"><\/i>\n            <\/p>\n<h2><span class=\"ez-toc-section\" id=\"3_reasons_to_visit_the_Salt_Valley_of_Anana\"><\/span><span class=\"Apple-style-span\">3 reasons to visit the Salt Valley of A\u00f1ana<\/span><span class=\"ez-toc-section-end\"><\/span><\/h2>\n<p>\n            <\/div><\/div>\n<p>&#8211;<b>Part of the salt valley for a day:<\/b> The project that is being carried out in the salt valley of Salinas de A\u00f1ana gives us the opportunity to be part of its recovery for a day. A unique experience! During the visit to this salt valley you will appreciate its curious architecture formed by thousands of terraces, they will explain why salt can be obtained from this place, you will learn how is the process of elaboration of the same and you can follow some of the wooden channels that carry salt water to its destination at some point in the 120,000 square meters that has this salt valley!!!  <\/p>\n<p><iframe loading=\"lazy\" title=\"Valle salado de A\u00f1ana\" width=\"1080\" height=\"608\" src=\"https:\/\/www.youtube.com\/embed\/--ONQ86UltM?feature=oembed\"  allow=\"accelerometer; autoplay; clipboard-write; encrypted-media; gyroscope; picture-in-picture; web-share\" referrerpolicy=\"strict-origin-when-cross-origin\" allowfullscreen><\/iframe><\/p>\n<p>&#8211;<b>Salt Spa:<\/b> In addition to enjoying everything mentioned above, you have the opportunity to enjoy the Salinas de A\u00f1ana salt spa and its health benefits. Imagine being able to put your feet and hands in hypersaline water, an experience difficult to obtain in other places. <\/p>\n<div id=\"attachment_1787\" style=\"width: 628px\" class=\"wp-caption aligncenter\"><a href=\"http:\/\/turismovasco.com\/wp-content\/uploads\/2014\/09\/turismovasco.com-en-las-salinas-de-a%C3%B1ana.jpg\"><img loading=\"lazy\" decoding=\"async\" aria-describedby=\"caption-attachment-1787\" class=\"size-large wp-image-1787\" src=\"http:\/\/turismovasco.com\/wp-content\/uploads\/2014\/09\/turismovasco.com-en-las-salinas-de-a%C3%B1ana-1024x680.jpg\" alt=\"{%ALT_TEXT%}\" width=\"618\" height=\"410\"\/><\/a><p id=\"caption-attachment-1787\" class=\"wp-caption-text\">{%CAPTION%}<\/p><\/div>\n<p>&nbsp;<\/p>\n<p>&#8211;<b>Quality:<\/b> The A\u00f1ana salt mines give us the opportunity to taste and savor one of the best salts in the world, the A\u00f1ana salt. This salt is the result of the natural evaporation of the brine from the springs of Salinas de A\u00f1ana. Thanks to its crystallization by means of the sun, the wind and traditional techniques, we can have in our hands one of the best artisan salts.  <\/p>\n<p>Surely you are already planning a trip to this emblematic place, if on the other hand you are still not convinced, remember that it is declared a Monumental Site, is a wetland of international importance RAMSAR and is a candidate to become a UNESCO World Heritage Site.<\/p>\n<p>We leave you a table with the schedules of the Salt Valley of Salinas de A\u00f1ana:<\/p>\n<table border=\"1\" cellspacing=\"0\" cellpadding=\"0\">\n<tbody>\n<tr>\n<td style=\"text-align: center;\" valign=\"top\" width=\"144\"><\/td>\n<td valign=\"top\" width=\"144\">\n<p align=\"center\">Store<\/p>\n<p align=\"center\">Visitors Center<\/p>\n<\/td>\n<td valign=\"top\" width=\"144\">\n<p align=\"center\">Guided Tour<\/p>\n<\/td>\n<td valign=\"top\" width=\"144\">\n<p align=\"center\">Saline Spa<\/p>\n<\/td>\n<\/tr>\n<tr>\n<td valign=\"top\" width=\"144\">\n<p align=\"center\">April<\/p>\n<p align=\"center\">to October<\/p>\n<\/td>\n<td valign=\"top\" width=\"144\">\n<p align=\"center\">09:45 &#8211; 14:30<\/p>\n<p align=\"center\">15:45 &#8211; 19:30<\/p>\n<\/td>\n<td valign=\"top\" width=\"144\">\n<p align=\"center\">10:00 &#8211; 13:00<\/p>\n<p style=\"text-align: center;\" align=\"center\">16:00 &#8211; 18:00<\/p>\n<\/td>\n<td valign=\"top\" width=\"144\">\n<p align=\"center\">10:00 &#8211; 14:30<\/p>\n<p align=\"center\">16:00 &#8211; 19:30<\/p>\n<\/td>\n<\/tr>\n<tr>\n<td valign=\"top\" width=\"144\">\n<p align=\"center\">November and March<\/p>\n<\/td>\n<td valign=\"top\" width=\"144\">\n<p align=\"center\">10:45 &#8211; 13:45<\/p>\n<p align=\"center\">Weekends and holidays\n<\/p>\n<p align=\"center\">09:45 &#8211; 17:15<\/p>\n<\/td>\n<td valign=\"top\" width=\"144\">\n<p align=\"center\">11:00 &#8211; 12:30<\/p>\n<p align=\"center\">Weekends and holidays\n<\/p>\n<p align=\"center\">10:00 &#8211; 16:00<\/p>\n<\/td>\n<td valign=\"top\" width=\"144\">\n<p align=\"center\">Closed<\/p>\n<\/td>\n<\/tr>\n<tr>\n<td valign=\"top\" width=\"144\">\n<p align=\"center\">December to February<\/p>\n<\/td>\n<td valign=\"top\" width=\"144\">\n<p align=\"center\">10:45 &#8211; 13:45<\/p>\n<\/td>\n<td valign=\"top\" width=\"144\">\n<p align=\"center\">11:00 &#8211; 12:30<\/p>\n<\/td>\n<td valign=\"top\" width=\"144\">\n<p align=\"center\">Closed<\/p>\n<\/td>\n<\/tr>\n<\/tbody>\n<\/table>\n<p>*Other visiting hours can be reserved as long as they are booked in advance by phone.<\/p>\n<p>We leave you the data of the Salinas de A\u00f1ana Valley, <strong>the phone number that appears on google is not correct, if you want to book you must call the phone: 945 35 11 11 11<\/strong><\/p>\n<div class=\"google-map \"><iframe loading=\"lazy\" width=\"620\" height=\"440\" frameborder=\"0\" scrolling=\"no\" marginheight=\"0\" marginwidth=\"0\" src=\"https:\/\/maps.google.es\/maps?q=Valle+Salado&amp;ie=UTF8&amp;fb=1&amp;gl=es&amp;hq=valle+salado&amp;hnear=0xd4f98f2414095a5:0x4732dab90cb04252,A%C3%B1ana+-+Gesaltza,+%C3%81lava&amp;cid=10134714132717101540&amp;t=m&amp;z=16&amp;iwloc=A&amp;output=embed\"><\/iframe><\/div>\n<p>&nbsp;<\/p>\n<div class=\"box shadow  \"><div class=\"box-inner-block\"><i class=\"fa tie-shortcode-boxicon\"><\/i>\n            <\/p>\n<h2><span class=\"ez-toc-section\" id=\"Our_opinion_about_the_Salt_Valley_of_Anana\"><\/span><span class=\"Apple-style-span\">Our opinion about the Salt Valley of A\u00f1ana<\/span><span class=\"ez-toc-section-end\"><\/span><\/h2>\n<p>\n            <\/div><\/div>\n<p>The day has been simply perfect, perhaps, if we want to be punctilious too hot. In case of going in summer, we recommend wearing a hat, visor or any article of similar characteristics. You have the opportunity to buy a hat in the same salt mines, thus obtaining a souvenir of your visit to the salt valley. <\/p>\n<p>Upon arrival, just with the general view of the salt flats, we can get an idea of what awaits us. Lots of salt, lots of water and above all, lots of history, the history of a town dedicated to white gold. <\/p>\n<div id=\"attachment_1783\" style=\"width: 628px\" class=\"wp-caption aligncenter\"><a href=\"http:\/\/turismovasco.com\/wp-content\/uploads\/2014\/09\/canales-de-las-salinas-de-a%C3%B1ana.jpg\"><img loading=\"lazy\" decoding=\"async\" aria-describedby=\"caption-attachment-1783\" class=\"wp-image-1783 size-large\" src=\"http:\/\/turismovasco.com\/wp-content\/uploads\/2014\/09\/canales-de-las-salinas-de-a%C3%B1ana-1024x680.jpg\" alt=\"{%ALT_TEXT%}\" width=\"618\" height=\"410\"\/><\/a><p id=\"caption-attachment-1783\" class=\"wp-caption-text\">canals of the a\u00f1ana salt flats<\/p><\/div>\n<p>&nbsp;<\/p>\n<p><strong>The visit:<\/strong> The generic visit helps us to understand the history and curiosities of this historic site along with the production of salt. From TurismoVasco.com we recommend to extend our stay and make the small salt tasting offered by the salt valley of A\u00f1ana. The price of this activity is very low and the experience is worth it. This experience is done through different exercises proposed by the guides, making the tasting a more dynamic and didactic exercise.   <\/p>\n<p>At the end of the visit, we have the opportunity to enjoy the small natural spa at the entrance of the salt flats. This spa allows us to refresh our feet and hands in the salty waters of the valley, thus verifying the characteristics of this water personally. Remember to wear appropriate clothing.  <\/p>\n<p>We will not reveal the secrets of the visit, but we can tell you that you will be able to see how salt is obtained, the reason for the different types of salt, where the water from which the salt is extracted comes from and much more!<\/p>\n<p>We leave you a little riddle to make you more interesting the visit to the salt mines of A\u00f1ana, what is the red thing that can be seen in the photo?<\/p>\n<div id=\"attachment_1784\" style=\"width: 628px\" class=\"wp-caption aligncenter\"><a href=\"http:\/\/turismovasco.com\/wp-content\/uploads\/2014\/09\/salinas-de-a%C3%B1ana-que-es-lo-rojo.jpg\"><img loading=\"lazy\" decoding=\"async\" aria-describedby=\"caption-attachment-1784\" class=\"size-large wp-image-1784\" src=\"http:\/\/turismovasco.com\/wp-content\/uploads\/2014\/09\/salinas-de-a%C3%B1ana-que-es-lo-rojo-1024x680.jpg\" alt=\"{%ALT_TEXT%}\" width=\"618\" height=\"410\"\/><\/a><p id=\"caption-attachment-1784\" class=\"wp-caption-text\">{%CAPTION%}<\/p><\/div>\n<p>&nbsp;<\/p>\n<p><strong>Attention:<\/strong> Do not hesitate to ask anything to the guides of the salt valley of A\u00f1ana, they will gladly answer all of them. We would like to take this opportunity to thank our guide Ainhoa and Alberto from the area of culture and communication of the A\u00f1ana salt mines for the treatment and kindness we have received. <\/p>\n<div id=\"attachment_1785\" style=\"width: 628px\" class=\"wp-caption aligncenter\"><a href=\"http:\/\/turismovasco.com\/wp-content\/uploads\/2014\/09\/caida-de-agua-salinas-de-a%C3%B1ana.jpg\"><img loading=\"lazy\" decoding=\"async\" aria-describedby=\"caption-attachment-1785\" class=\"size-large wp-image-1785\" src=\"http:\/\/turismovasco.com\/wp-content\/uploads\/2014\/09\/caida-de-agua-salinas-de-a%C3%B1ana-1024x680.jpg\" alt=\"{%ALT_TEXT%}\" width=\"618\" height=\"410\"\/><\/a><p id=\"caption-attachment-1785\" class=\"wp-caption-text\">{%CAPTION%}<\/p><\/div>\n<p>&nbsp;<\/p>\n<p><strong>Store: <\/strong>What is perhaps most striking is the variety of flavors that can be found in the salt valley. These vary from wine flavor to garlic, through spicy touches such as cayenne and many other flavors. There are many chefs who use salt from the A\u00f1ana Valley, and many of them have a small plot on the walk of fame of the A\u00f1ana Salt Flats. An example of this are the restaurants Mugaritz or Azurmendi, a salt that has helped them to obtain the so longed Michelin star.   <\/p>\n<div id=\"attachment_1786\" style=\"width: 628px\" class=\"wp-caption aligncenter\"><a href=\"http:\/\/turismovasco.com\/wp-content\/uploads\/2014\/09\/azurmendi-en-las-salinas-de-a%C3%B1ana.jpg\"><img loading=\"lazy\" decoding=\"async\" aria-describedby=\"caption-attachment-1786\" class=\"wp-image-1786 size-large\" src=\"http:\/\/turismovasco.com\/wp-content\/uploads\/2014\/09\/azurmendi-en-las-salinas-de-a%C3%B1ana-1024x680.jpg\" alt=\"{%ALT_TEXT%}\" width=\"618\" height=\"410\"\/><\/a><p id=\"caption-attachment-1786\" class=\"wp-caption-text\">{%CAPTION%}<\/p><\/div>\n<p>&nbsp;<\/p>\n<p><strong>Accreditations: <\/strong>The A\u00f1ana Salt Valley has achieved several accreditations throughout its short life. For our part, it has the exclusive tourist accreditation &#8220;TurismoVasco Tiketa&#8221; which accredits it as one of the places of greatest tourist interest in the Basque Country. <\/p>\n<div id=\"attachment_3113\" style=\"width: 628px\" class=\"wp-caption aligncenter\"><a href=\"http:\/\/turismovasco.com\/wp-content\/uploads\/2015\/03\/Acreditaci%C3%B3n-TurismoVasco-Tiketa.jpg\"><img loading=\"lazy\" decoding=\"async\" aria-describedby=\"caption-attachment-3113\" class=\"size-large wp-image-3113\" src=\"http:\/\/turismovasco.com\/wp-content\/uploads\/2015\/03\/Acreditaci%C3%B3n-TurismoVasco-Tiketa-1024x768.jpg\" alt=\"{%ALT_TEXT%}\" width=\"618\" height=\"464\"\/><\/a><p id=\"caption-attachment-3113\" class=\"wp-caption-text\">Tourism AccreditationVasco Tiketa<\/p><\/div>\n<p>Do not miss the opportunity, the A\u00f1ana Salt Mines are undoubtedly one of the best kept treasures of our land.<\/p>\n","protected":false},"excerpt":{"rendered":"<p>Salt Valley of A\u00f1ana, a wonder of nature. &nbsp; Tourism always goes hand in hand with history, since the history of a place is what gives it life and interest. In this case, we have before us one of the most unique sites in the Basque Country, either because of the landscape, architecture and geology [&hellip;]<\/p>\n","protected":false},"author":1,"featured_media":0,"comment_status":"open","ping_status":"closed","sticky":false,"template":"","format":"standard","meta":{"_et_pb_use_builder":"","_et_pb_old_content":"","_et_gb_content_width":"","footnotes":""},"categories":[168],"tags":[],"class_list":["post-143631","post","type-post","status-publish","format-standard","hentry","category-what-to-see-in-araba"],"yoast_head":"<!-- This site is optimized with the Yoast SEO plugin v26.8 - https:\/\/yoast.com\/product\/yoast-seo-wordpress\/ -->\n<title>Valle Salado de A\u00f1ana, 3 reasons to visit it<\/title>\n<meta name=\"description\" content=\"Do not hesitate and visit the salt valley of A\u00f1ana, an experience you will not forget.\" \/>\n<meta name=\"robots\" content=\"index, follow, max-snippet:-1, max-image-preview:large, max-video-preview:-1\" \/>\n<link rel=\"canonical\" href=\"https:\/\/turismovasco.com\/en\/araba\/what-to-see-in-araba\/valle-salado-de-anana-3-reasons-to-visit-it\/\" \/>\n<meta property=\"og:locale\" content=\"en_US\" \/>\n<meta property=\"og:type\" content=\"article\" \/>\n<meta property=\"og:title\" content=\"Valle Salado de A\u00f1ana, 3 reasons to visit it\" \/>\n<meta property=\"og:description\" content=\"Do not hesitate and visit the salt valley of A\u00f1ana, an experience you will not forget.\" \/>\n<meta property=\"og:url\" content=\"https:\/\/turismovasco.com\/en\/araba\/what-to-see-in-araba\/valle-salado-de-anana-3-reasons-to-visit-it\/\" \/>\n<meta property=\"og:site_name\" content=\"Turismo Pa\u00eds Vasco\" \/>\n<meta property=\"article:publisher\" content=\"https:\/\/www.facebook.com\/pages\/Turismo-pais-vasco\/168255643377063\" \/>\n<meta property=\"article:published_time\" content=\"2014-01-16T09:00:13+00:00\" \/>\n<meta property=\"article:modified_time\" content=\"2025-03-17T09:32:28+00:00\" \/>\n<meta property=\"og:image\" content=\"https:\/\/turismovasco.com\/wp-content\/uploads\/2014\/09\/turismovasco.com-en-las-salinas-de-a\u00f1ana-1024x680.jpg\" \/>\n\t<meta property=\"og:image:width\" content=\"1024\" \/>\n\t<meta property=\"og:image:height\" content=\"680\" \/>\n\t<meta property=\"og:image:type\" content=\"image\/jpeg\" \/>\n<meta name=\"author\" content=\"Gontzal Rubinos Artolozaga\" \/>\n<meta name=\"twitter:card\" content=\"summary_large_image\" \/>\n<meta name=\"twitter:creator\" content=\"@turismo_vasco\" \/>\n<meta name=\"twitter:site\" content=\"@turismo_vasco\" \/>\n<meta name=\"twitter:label1\" content=\"Written by\" \/>\n\t<meta name=\"twitter:data1\" content=\"Gontzal Rubinos Artolozaga\" \/>\n\t<meta name=\"twitter:label2\" content=\"Est. reading time\" \/>\n\t<meta name=\"twitter:data2\" content=\"6 minutes\" \/>\n<script type=\"application\/ld+json\" class=\"yoast-schema-graph\">{\"@context\":\"https:\/\/schema.org\",\"@graph\":[{\"@type\":\"Article\",\"@id\":\"https:\/\/turismovasco.com\/en\/araba\/what-to-see-in-araba\/valle-salado-de-anana-3-reasons-to-visit-it\/#article\",\"isPartOf\":{\"@id\":\"https:\/\/turismovasco.com\/en\/araba\/what-to-see-in-araba\/valle-salado-de-anana-3-reasons-to-visit-it\/\"},\"author\":{\"name\":\"Gontzal Rubinos Artolozaga\",\"@id\":\"https:\/\/turismovasco.com\/en\/#\/schema\/person\/4d017ed2d7d7d0f3a48223df5bda9ded\"},\"headline\":\"Valle Salado de A\u00f1ana, 3 reasons to visit it\",\"datePublished\":\"2014-01-16T09:00:13+00:00\",\"dateModified\":\"2025-03-17T09:32:28+00:00\",\"mainEntityOfPage\":{\"@id\":\"https:\/\/turismovasco.com\/en\/araba\/what-to-see-in-araba\/valle-salado-de-anana-3-reasons-to-visit-it\/\"},\"wordCount\":1212,\"commentCount\":0,\"publisher\":{\"@id\":\"https:\/\/turismovasco.com\/en\/#organization\"},\"image\":{\"@id\":\"https:\/\/turismovasco.com\/en\/araba\/what-to-see-in-araba\/valle-salado-de-anana-3-reasons-to-visit-it\/#primaryimage\"},\"thumbnailUrl\":\"http:\/\/turismovasco.com\/wp-content\/uploads\/2014\/09\/turismovasco.com-en-las-salinas-de-a%C3%B1ana-1024x680.jpg\",\"articleSection\":[\"What to see in Araba\"],\"inLanguage\":\"en-US\",\"potentialAction\":[{\"@type\":\"CommentAction\",\"name\":\"Comment\",\"target\":[\"https:\/\/turismovasco.com\/en\/araba\/what-to-see-in-araba\/valle-salado-de-anana-3-reasons-to-visit-it\/#respond\"]}]},{\"@type\":\"WebPage\",\"@id\":\"https:\/\/turismovasco.com\/en\/araba\/what-to-see-in-araba\/valle-salado-de-anana-3-reasons-to-visit-it\/\",\"url\":\"https:\/\/turismovasco.com\/en\/araba\/what-to-see-in-araba\/valle-salado-de-anana-3-reasons-to-visit-it\/\",\"name\":\"Valle Salado de A\u00f1ana, 3 reasons to visit it\",\"isPartOf\":{\"@id\":\"https:\/\/turismovasco.com\/en\/#website\"},\"primaryImageOfPage\":{\"@id\":\"https:\/\/turismovasco.com\/en\/araba\/what-to-see-in-araba\/valle-salado-de-anana-3-reasons-to-visit-it\/#primaryimage\"},\"image\":{\"@id\":\"https:\/\/turismovasco.com\/en\/araba\/what-to-see-in-araba\/valle-salado-de-anana-3-reasons-to-visit-it\/#primaryimage\"},\"thumbnailUrl\":\"http:\/\/turismovasco.com\/wp-content\/uploads\/2014\/09\/turismovasco.com-en-las-salinas-de-a%C3%B1ana-1024x680.jpg\",\"datePublished\":\"2014-01-16T09:00:13+00:00\",\"dateModified\":\"2025-03-17T09:32:28+00:00\",\"description\":\"Do not hesitate and visit the salt valley of A\u00f1ana, an experience you will not forget.\",\"inLanguage\":\"en-US\",\"potentialAction\":[{\"@type\":\"ReadAction\",\"target\":[\"https:\/\/turismovasco.com\/en\/araba\/what-to-see-in-araba\/valle-salado-de-anana-3-reasons-to-visit-it\/\"]}]},{\"@type\":\"ImageObject\",\"inLanguage\":\"en-US\",\"@id\":\"https:\/\/turismovasco.com\/en\/araba\/what-to-see-in-araba\/valle-salado-de-anana-3-reasons-to-visit-it\/#primaryimage\",\"url\":\"http:\/\/turismovasco.com\/wp-content\/uploads\/2014\/09\/turismovasco.com-en-las-salinas-de-a%C3%B1ana-1024x680.jpg\",\"contentUrl\":\"http:\/\/turismovasco.com\/wp-content\/uploads\/2014\/09\/turismovasco.com-en-las-salinas-de-a%C3%B1ana-1024x680.jpg\"},{\"@type\":\"WebSite\",\"@id\":\"https:\/\/turismovasco.com\/en\/#website\",\"url\":\"https:\/\/turismovasco.com\/en\/\",\"name\":\"Turismo en el Pa\u00eds Vasco\",\"description\":\"Tourism in Euskadi. Get to know the Basque Country with our activities and guided tours. Plan your trip to Euskadi with us. Shall we talk?\",\"publisher\":{\"@id\":\"https:\/\/turismovasco.com\/en\/#organization\"},\"alternateName\":\"Turismo en Euskadi\",\"potentialAction\":[{\"@type\":\"SearchAction\",\"target\":{\"@type\":\"EntryPoint\",\"urlTemplate\":\"https:\/\/turismovasco.com\/en\/?s={search_term_string}\"},\"query-input\":{\"@type\":\"PropertyValueSpecification\",\"valueRequired\":true,\"valueName\":\"search_term_string\"}}],\"inLanguage\":\"en-US\"},{\"@type\":\"Organization\",\"@id\":\"https:\/\/turismovasco.com\/en\/#organization\",\"name\":\"TurismoVasco.com\",\"alternateName\":\"Turismo en Euskadi, Euskal Herriko Turismoa SL\",\"url\":\"https:\/\/turismovasco.com\/en\/\",\"logo\":{\"@type\":\"ImageObject\",\"inLanguage\":\"en-US\",\"@id\":\"https:\/\/turismovasco.com\/en\/#\/schema\/logo\/image\/\",\"url\":\"https:\/\/turismovasco.com\/wp-content\/uploads\/2016\/05\/Nuevo-Logo-cabecera.png\",\"contentUrl\":\"https:\/\/turismovasco.com\/wp-content\/uploads\/2016\/05\/Nuevo-Logo-cabecera.png\",\"width\":500,\"height\":202,\"caption\":\"TurismoVasco.com\"},\"image\":{\"@id\":\"https:\/\/turismovasco.com\/en\/#\/schema\/logo\/image\/\"},\"sameAs\":[\"https:\/\/www.facebook.com\/pages\/Turismo-pais-vasco\/168255643377063\",\"https:\/\/x.com\/turismo_vasco\",\"https:\/\/www.instagram.com\/turismo_vasco\/\",\"https:\/\/www.youtube.com\/channel\/UC4e9R7bDBYksN2t8dYUOfXw\"]},{\"@type\":\"Person\",\"@id\":\"https:\/\/turismovasco.com\/en\/#\/schema\/person\/4d017ed2d7d7d0f3a48223df5bda9ded\",\"name\":\"Gontzal Rubinos Artolozaga\",\"image\":{\"@type\":\"ImageObject\",\"inLanguage\":\"en-US\",\"@id\":\"https:\/\/turismovasco.com\/en\/#\/schema\/person\/image\/\",\"url\":\"https:\/\/secure.gravatar.com\/avatar\/4cf8c84e7b223ae90bf7f8cfced737d1?s=96&d=identicon&r=g\",\"contentUrl\":\"https:\/\/secure.gravatar.com\/avatar\/4cf8c84e7b223ae90bf7f8cfced737d1?s=96&d=identicon&r=g\",\"caption\":\"Gontzal Rubinos Artolozaga\"},\"description\":\"Fundador y responsable de TurismoVasco.com\",\"sameAs\":[\"http:\/\/www.turismovasco.com\"]}]}<\/script>\n<!-- \/ Yoast SEO plugin. -->","yoast_head_json":{"title":"Valle Salado de A\u00f1ana, 3 reasons to visit it","description":"Do not hesitate and visit the salt valley of A\u00f1ana, an experience you will not forget.","robots":{"index":"index","follow":"follow","max-snippet":"max-snippet:-1","max-image-preview":"max-image-preview:large","max-video-preview":"max-video-preview:-1"},"canonical":"https:\/\/turismovasco.com\/en\/araba\/what-to-see-in-araba\/valle-salado-de-anana-3-reasons-to-visit-it\/","og_locale":"en_US","og_type":"article","og_title":"Valle Salado de A\u00f1ana, 3 reasons to visit it","og_description":"Do not hesitate and visit the salt valley of A\u00f1ana, an experience you will not forget.","og_url":"https:\/\/turismovasco.com\/en\/araba\/what-to-see-in-araba\/valle-salado-de-anana-3-reasons-to-visit-it\/","og_site_name":"Turismo Pa\u00eds Vasco","article_publisher":"https:\/\/www.facebook.com\/pages\/Turismo-pais-vasco\/168255643377063","article_published_time":"2014-01-16T09:00:13+00:00","article_modified_time":"2025-03-17T09:32:28+00:00","og_image":[{"width":1024,"height":680,"url":"https:\/\/turismovasco.com\/wp-content\/uploads\/2014\/09\/turismovasco.com-en-las-salinas-de-a\u00f1ana-1024x680.jpg","type":"image\/jpeg"}],"author":"Gontzal Rubinos Artolozaga","twitter_card":"summary_large_image","twitter_creator":"@turismo_vasco","twitter_site":"@turismo_vasco","twitter_misc":{"Written by":"Gontzal Rubinos Artolozaga","Est. reading time":"6 minutes"},"schema":{"@context":"https:\/\/schema.org","@graph":[{"@type":"Article","@id":"https:\/\/turismovasco.com\/en\/araba\/what-to-see-in-araba\/valle-salado-de-anana-3-reasons-to-visit-it\/#article","isPartOf":{"@id":"https:\/\/turismovasco.com\/en\/araba\/what-to-see-in-araba\/valle-salado-de-anana-3-reasons-to-visit-it\/"},"author":{"name":"Gontzal Rubinos Artolozaga","@id":"https:\/\/turismovasco.com\/en\/#\/schema\/person\/4d017ed2d7d7d0f3a48223df5bda9ded"},"headline":"Valle Salado de A\u00f1ana, 3 reasons to visit it","datePublished":"2014-01-16T09:00:13+00:00","dateModified":"2025-03-17T09:32:28+00:00","mainEntityOfPage":{"@id":"https:\/\/turismovasco.com\/en\/araba\/what-to-see-in-araba\/valle-salado-de-anana-3-reasons-to-visit-it\/"},"wordCount":1212,"commentCount":0,"publisher":{"@id":"https:\/\/turismovasco.com\/en\/#organization"},"image":{"@id":"https:\/\/turismovasco.com\/en\/araba\/what-to-see-in-araba\/valle-salado-de-anana-3-reasons-to-visit-it\/#primaryimage"},"thumbnailUrl":"http:\/\/turismovasco.com\/wp-content\/uploads\/2014\/09\/turismovasco.com-en-las-salinas-de-a%C3%B1ana-1024x680.jpg","articleSection":["What to see in Araba"],"inLanguage":"en-US","potentialAction":[{"@type":"CommentAction","name":"Comment","target":["https:\/\/turismovasco.com\/en\/araba\/what-to-see-in-araba\/valle-salado-de-anana-3-reasons-to-visit-it\/#respond"]}]},{"@type":"WebPage","@id":"https:\/\/turismovasco.com\/en\/araba\/what-to-see-in-araba\/valle-salado-de-anana-3-reasons-to-visit-it\/","url":"https:\/\/turismovasco.com\/en\/araba\/what-to-see-in-araba\/valle-salado-de-anana-3-reasons-to-visit-it\/","name":"Valle Salado de A\u00f1ana, 3 reasons to visit it","isPartOf":{"@id":"https:\/\/turismovasco.com\/en\/#website"},"primaryImageOfPage":{"@id":"https:\/\/turismovasco.com\/en\/araba\/what-to-see-in-araba\/valle-salado-de-anana-3-reasons-to-visit-it\/#primaryimage"},"image":{"@id":"https:\/\/turismovasco.com\/en\/araba\/what-to-see-in-araba\/valle-salado-de-anana-3-reasons-to-visit-it\/#primaryimage"},"thumbnailUrl":"http:\/\/turismovasco.com\/wp-content\/uploads\/2014\/09\/turismovasco.com-en-las-salinas-de-a%C3%B1ana-1024x680.jpg","datePublished":"2014-01-16T09:00:13+00:00","dateModified":"2025-03-17T09:32:28+00:00","description":"Do not hesitate and visit the salt valley of A\u00f1ana, an experience you will not forget.","inLanguage":"en-US","potentialAction":[{"@type":"ReadAction","target":["https:\/\/turismovasco.com\/en\/araba\/what-to-see-in-araba\/valle-salado-de-anana-3-reasons-to-visit-it\/"]}]},{"@type":"ImageObject","inLanguage":"en-US","@id":"https:\/\/turismovasco.com\/en\/araba\/what-to-see-in-araba\/valle-salado-de-anana-3-reasons-to-visit-it\/#primaryimage","url":"http:\/\/turismovasco.com\/wp-content\/uploads\/2014\/09\/turismovasco.com-en-las-salinas-de-a%C3%B1ana-1024x680.jpg","contentUrl":"http:\/\/turismovasco.com\/wp-content\/uploads\/2014\/09\/turismovasco.com-en-las-salinas-de-a%C3%B1ana-1024x680.jpg"},{"@type":"WebSite","@id":"https:\/\/turismovasco.com\/en\/#website","url":"https:\/\/turismovasco.com\/en\/","name":"Turismo en el Pa\u00eds Vasco","description":"Tourism in Euskadi. Get to know the Basque Country with our activities and guided tours. Plan your trip to Euskadi with us. Shall we talk?","publisher":{"@id":"https:\/\/turismovasco.com\/en\/#organization"},"alternateName":"Turismo en Euskadi","potentialAction":[{"@type":"SearchAction","target":{"@type":"EntryPoint","urlTemplate":"https:\/\/turismovasco.com\/en\/?s={search_term_string}"},"query-input":{"@type":"PropertyValueSpecification","valueRequired":true,"valueName":"search_term_string"}}],"inLanguage":"en-US"},{"@type":"Organization","@id":"https:\/\/turismovasco.com\/en\/#organization","name":"TurismoVasco.com","alternateName":"Turismo en Euskadi, Euskal Herriko Turismoa SL","url":"https:\/\/turismovasco.com\/en\/","logo":{"@type":"ImageObject","inLanguage":"en-US","@id":"https:\/\/turismovasco.com\/en\/#\/schema\/logo\/image\/","url":"https:\/\/turismovasco.com\/wp-content\/uploads\/2016\/05\/Nuevo-Logo-cabecera.png","contentUrl":"https:\/\/turismovasco.com\/wp-content\/uploads\/2016\/05\/Nuevo-Logo-cabecera.png","width":500,"height":202,"caption":"TurismoVasco.com"},"image":{"@id":"https:\/\/turismovasco.com\/en\/#\/schema\/logo\/image\/"},"sameAs":["https:\/\/www.facebook.com\/pages\/Turismo-pais-vasco\/168255643377063","https:\/\/x.com\/turismo_vasco","https:\/\/www.instagram.com\/turismo_vasco\/","https:\/\/www.youtube.com\/channel\/UC4e9R7bDBYksN2t8dYUOfXw"]},{"@type":"Person","@id":"https:\/\/turismovasco.com\/en\/#\/schema\/person\/4d017ed2d7d7d0f3a48223df5bda9ded","name":"Gontzal Rubinos Artolozaga","image":{"@type":"ImageObject","inLanguage":"en-US","@id":"https:\/\/turismovasco.com\/en\/#\/schema\/person\/image\/","url":"https:\/\/secure.gravatar.com\/avatar\/4cf8c84e7b223ae90bf7f8cfced737d1?s=96&d=identicon&r=g","contentUrl":"https:\/\/secure.gravatar.com\/avatar\/4cf8c84e7b223ae90bf7f8cfced737d1?s=96&d=identicon&r=g","caption":"Gontzal Rubinos Artolozaga"},"description":"Fundador y responsable de TurismoVasco.com","sameAs":["http:\/\/www.turismovasco.com"]}]}},"_links":{"self":[{"href":"https:\/\/turismovasco.com\/en\/wp-json\/wp\/v2\/posts\/143631","targetHints":{"allow":["GET"]}}],"collection":[{"href":"https:\/\/turismovasco.com\/en\/wp-json\/wp\/v2\/posts"}],"about":[{"href":"https:\/\/turismovasco.com\/en\/wp-json\/wp\/v2\/types\/post"}],"author":[{"embeddable":true,"href":"https:\/\/turismovasco.com\/en\/wp-json\/wp\/v2\/users\/1"}],"replies":[{"embeddable":true,"href":"https:\/\/turismovasco.com\/en\/wp-json\/wp\/v2\/comments?post=143631"}],"version-history":[{"count":1,"href":"https:\/\/turismovasco.com\/en\/wp-json\/wp\/v2\/posts\/143631\/revisions"}],"predecessor-version":[{"id":175204,"href":"https:\/\/turismovasco.com\/en\/wp-json\/wp\/v2\/posts\/143631\/revisions\/175204"}],"wp:attachment":[{"href":"https:\/\/turismovasco.com\/en\/wp-json\/wp\/v2\/media?parent=143631"}],"wp:term":[{"taxonomy":"category","embeddable":true,"href":"https:\/\/turismovasco.com\/en\/wp-json\/wp\/v2\/categories?post=143631"},{"taxonomy":"post_tag","embeddable":true,"href":"https:\/\/turismovasco.com\/en\/wp-json\/wp\/v2\/tags?post=143631"}],"curies":[{"name":"wp","href":"https:\/\/api.w.org\/{rel}","templated":true}]}}